{"id":788,"date":"2016-01-10T15:33:17","date_gmt":"2016-01-10T14:33:17","guid":{"rendered":"http:\/\/abacus-laser.com\/abacus-laser\/de\/?p=788"},"modified":"2019-03-25T12:12:52","modified_gmt":"2019-03-25T11:12:52","slug":"gepulster-faserverstaerker-mit-integrierter-detektion-fuer-wind-lidar","status":"publish","type":"post","link":"https:\/\/abacus-laser.com\/de\/gepulster-faserverstaerker-mit-integrierter-detektion-fuer-wind-lidar\/","title":{"rendered":"Gepulster Faserverst\u00e4rker mit integrierter Detektion f\u00fcr Wind-Lidar"},"content":{"rendered":"<p>An der Universit\u00e4t Oldenburg wurde\u00a0ein kompakter, gepulster 1550&nbsp;nm Faserverst\u00e4rker mit integrierter koh\u00e4renter Detektion entwickelt. Damit waren Windmessungen bis 1,5\u00a0km mit nur 0,1\u00a0s Mittelungszeit m\u00f6glich.<\/p>\n","protected":false},"excerpt":{"rendered":"<p>Entwicklung eines kompakten, gepulsten 1550&nbsp;nm Faserverst\u00e4rkers mit integrierter koh\u00e4renter Detektion.<\/p>\n","protected":false},"author":1,"featured_media":825,"comment_status":"closed","ping_status":"open","sticky":false,"template":"","format":"standard","meta":{"_acf_changed":false,"footnotes":""},"categories":[14],"tags":[],"class_list":["post-788","post","type-post","status-publish","format-standard","has-post-thumbnail","hentry","category-referenzen-fruehere"],"acf":[],"aioseo_notices":[],"_links":{"self":[{"href":"https:\/\/abacus-laser.com\/de\/wp-json\/wp\/v2\/posts\/788","targetHints":{"allow":["GET"]}}],"collection":[{"href":"https:\/\/abacus-laser.com\/de\/wp-json\/wp\/v2\/posts"}],"about":[{"href":"https:\/\/abacus-laser.com\/de\/wp-json\/wp\/v2\/types\/post"}],"author":[{"embeddable":true,"href":"https:\/\/abacus-laser.com\/de\/wp-json\/wp\/v2\/users\/1"}],"replies":[{"embeddable":true,"href":"https:\/\/abacus-laser.com\/de\/wp-json\/wp\/v2\/comments?post=788"}],"version-history":[{"count":7,"href":"https:\/\/abacus-laser.com\/de\/wp-json\/wp\/v2\/posts\/788\/revisions"}],"predecessor-version":[{"id":896,"href":"https:\/\/abacus-laser.com\/de\/wp-json\/wp\/v2\/posts\/788\/revisions\/896"}],"wp:featuredmedia":[{"embeddable":true,"href":"https:\/\/abacus-laser.com\/de\/wp-json\/wp\/v2\/media\/825"}],"wp:attachment":[{"href":"https:\/\/abacus-laser.com\/de\/wp-json\/wp\/v2\/media?parent=788"}],"wp:term":[{"taxonomy":"category","embeddable":true,"href":"https:\/\/abacus-laser.com\/de\/wp-json\/wp\/v2\/categories?post=788"},{"taxonomy":"post_tag","embeddable":true,"href":"https:\/\/abacus-laser.com\/de\/wp-json\/wp\/v2\/tags?post=788"}],"curies":[{"name":"wp","href":"https:\/\/api.w.org\/{rel}","templated":true}]}}