{"id":972,"date":"2019-03-29T09:54:33","date_gmt":"2019-03-29T08:54:33","guid":{"rendered":"http:\/\/abacus-laser.com\/abacus-laser\/de\/?p=972"},"modified":"2019-04-16T09:35:30","modified_gmt":"2019-04-16T07:35:30","slug":"entwicklung-und-fertigung-einer-sbs-messstation-mit-wind-lidar-modul","status":"publish","type":"post","link":"https:\/\/abacus-laser.com\/de\/entwicklung-und-fertigung-einer-sbs-messstation-mit-wind-lidar-modul\/","title":{"rendered":"Entwicklung und Fertigung einer SBS-Messstation mit Wind-Lidar-Modul"},"content":{"rendered":"<p>F\u00fcr das Fraunhofer-Institut f\u00fcr Physikalische Messtechnik (Fraunhofer IPM) in Freiburg wurde ein Modul \u00e4hnlich dem Abacus Laser LiTra S entwickelt und angefertigt. Das Modul wurde so adaptiert, dass es damit m\u00f6glich ist Stimulierte Brillouin Streuung (SBS) in Fasern anzuregen und zu vermessen. Das Modul wurde als System an das Fraunhofer IPM ausgeliefert. Dort wurde es zuerst als SBS-Messstation verwendet und sp\u00e4ter mit unserer Hilfe zu einem Wind-Lidar-Modul umger\u00fcstet.<\/p>\n","protected":false},"excerpt":{"rendered":"<p>F\u00fcr das Fraunhofer-Institut f\u00fcr Physikalische Messtechnik (Fraunhofer IPM) in Freiburg wurde ein Modul \u00e4hnlich dem Abacus Laser LiTra S entwickelt und angefertigt. Das Modul wurde &#8230;<\/p>\n","protected":false},"author":1,"featured_media":976,"comment_status":"closed","ping_status":"open","sticky":false,"template":"","format":"standard","meta":{"_acf_changed":false,"footnotes":""},"categories":[11,9],"tags":[],"class_list":["post-972","post","type-post","status-publish","format-standard","has-post-thumbnail","hentry","category-abgeschlossene-projekte","category-referenzen"],"acf":[],"aioseo_notices":[],"_links":{"self":[{"href":"https:\/\/abacus-laser.com\/de\/wp-json\/wp\/v2\/posts\/972","targetHints":{"allow":["GET"]}}],"collection":[{"href":"https:\/\/abacus-laser.com\/de\/wp-json\/wp\/v2\/posts"}],"about":[{"href":"https:\/\/abacus-laser.com\/de\/wp-json\/wp\/v2\/types\/post"}],"author":[{"embeddable":true,"href":"https:\/\/abacus-laser.com\/de\/wp-json\/wp\/v2\/users\/1"}],"replies":[{"embeddable":true,"href":"https:\/\/abacus-laser.com\/de\/wp-json\/wp\/v2\/comments?post=972"}],"version-history":[{"count":3,"href":"https:\/\/abacus-laser.com\/de\/wp-json\/wp\/v2\/posts\/972\/revisions"}],"predecessor-version":[{"id":1015,"href":"https:\/\/abacus-laser.com\/de\/wp-json\/wp\/v2\/posts\/972\/revisions\/1015"}],"wp:featuredmedia":[{"embeddable":true,"href":"https:\/\/abacus-laser.com\/de\/wp-json\/wp\/v2\/media\/976"}],"wp:attachment":[{"href":"https:\/\/abacus-laser.com\/de\/wp-json\/wp\/v2\/media?parent=972"}],"wp:term":[{"taxonomy":"category","embeddable":true,"href":"https:\/\/abacus-laser.com\/de\/wp-json\/wp\/v2\/categories?post=972"},{"taxonomy":"post_tag","embeddable":true,"href":"https:\/\/abacus-laser.com\/de\/wp-json\/wp\/v2\/tags?post=972"}],"curies":[{"name":"wp","href":"https:\/\/api.w.org\/{rel}","templated":true}]}}